{"provider_url": "https://www.santamariadejetiba.es.leg.br", "title": "Novo marco legal para espa\u00e7os esportivos \u00e9 aprovado", "html": "<p><strong><b><b>PROJETOS LIDOS</b>:</b></strong></p>\r\n<p><strong><b><a class=\"external-link\" href=\"https://sapl.santamariadejetiba.es.leg.br/materia/3549\" target=\"_blank\" title=\"\">Projeto de Lei Ordin\u00e1rio n\u00ba 20/2025</a></b></strong> - Altera o artigo 1\u00ba da Lei Municipal n\u00ba2223/2019, que passa a estabelecer a denomina\u00e7\u00e3o da Rua Vandelino Schroeder, com inicio na Rodovia Luiz Stange, (coordenadas -20.030417, -40.730917) e t\u00e9rmino pr\u00f3ximo a resid\u00eancia do Sr. Rodolfo Schroeder (coordenadas -20.029778, -40.730611), numa extens\u00e3o de aproximadamente 80 metros, na localidade denominada de Virada. <span>De autoria do vereador <strong><a class=\"external-link\" href=\"https://sapl.santamariadejetiba.es.leg.br/parlamentar/14\" target=\"_blank\" title=\"\">Alvaro Roberto Gon\u00e7alves</a></strong>.</span></p>\r\n<p><strong><b><a class=\"external-link\" href=\"https://sapl.santamariadejetiba.es.leg.br/materia/3533\" target=\"_blank\" title=\"\">Projeto de Decreto Legislativo n\u00ba 5/2025</a></b></strong> - Congratula o senhor Olivaldo Ponath ao t\u00edtulo de honra ao m\u00e9rito. De autoria do vereador<b> <a class=\"external-link\" href=\"https://sapl.santamariadejetiba.es.leg.br/parlamentar/60\" target=\"_blank\" title=\"\">Clovis Lucht</a></b>.</p>\r\n<p><strong><b><a class=\"external-link\" href=\"https://sapl.santamariadejetiba.es.leg.br/materia/3543\" target=\"_blank\" title=\"\">Projeto de Decreto Legislativo n\u00ba 7/2025</a></b></strong> - Congratula o senhor Arildo Cl\u00e1udio de Oliveira ao t\u00edtulo de cidad\u00e3o Santa-mariense. De autoria do vereador<b> </b><a class=\"external-link\" href=\"https://sapl.santamariadejetiba.es.leg.br/parlamentar/54\" target=\"_blank\" title=\"\"><strong>Luciano Alves da Silva</strong></a>.</p>\r\n<p><strong><b><a class=\"external-link\" href=\"https://sapl.santamariadejetiba.es.leg.br/materia/3486\" target=\"_blank\" title=\"\">Indica\u00e7\u00e3o n\u00ba 39/2025</a> -</b></strong> Indica a constru\u00e7\u00e3o de uma cal\u00e7ada com corrim\u00e3o para o acesso ao Centro de Especialidades localizado na Rua Henrique Eggert.\u00a0De autoria do vereador<b> <a class=\"external-link\" href=\"https://sapl.santamariadejetiba.es.leg.br/parlamentar/45\" target=\"_blank\" title=\"\">Nelson Miertschink</a></b>.</p>\r\n<p><strong><b><a class=\"external-link\" href=\"https://sapl.santamariadejetiba.es.leg.br/materia/3506\" target=\"_blank\" title=\"\">Indica\u00e7\u00e3o n\u00b0 50/2025</a></b></strong> - Indica melhorias no saneamento b\u00e1sico e a instala\u00e7\u00e3o de sistema de ilumina\u00e7\u00e3o p\u00fablica na Rua Germano Henrique Em\u00edlio Roos.\u00a0De autoria da vereadora<b><b> <a class=\"external-link\" href=\"https://sapl.santamariadejetiba.es.leg.br/parlamentar/58\" target=\"_blank\" title=\"\">Ana Paula Alves de Azevedo</a></b></b>.</p>\r\n<p><strong><b><a class=\"external-link\" href=\"https://sapl.santamariadejetiba.es.leg.br/materia/3526\" target=\"_blank\" title=\"\">Indica\u00e7\u00e3o n\u00ba 60/2025</a></b></strong> - Indica Indica\u00e7\u00e3o que indica a execu\u00e7\u00e3o de pavimenta\u00e7\u00e3o por cal\u00e7amento, asfaltamento ou outro revestimento de durabilidade, Alto S\u00e3o Sebasti\u00e3o, iniciando pr\u00f3ximo ao Henrique Schroeder subindo o morro e finalizando pr\u00f3ximo ao terreno do Crist\u00f3v\u00e3o Tim, numa extens\u00e3o de aproximadamente 315 metros.\u00a0De autoria do vereador<b> <a class=\"external-link\" href=\"https://sapl.santamariadejetiba.es.leg.br/parlamentar/60\" target=\"_blank\" title=\"\">Clovis Lucht</a></b>.</p>\r\n<p><strong><b><a class=\"external-link\" href=\"https://sapl.santamariadejetiba.es.leg.br/materia/3542\" target=\"_blank\" title=\"\">Indica\u00e7\u00e3o n\u00ba 65/2025</a></b></strong> - Indica a pavimenta\u00e7\u00e3o, drenagem e ilumina\u00e7\u00e3o p\u00fablica na Rua Orivaldo Holz, em toda sua extens\u00e3o, em S\u00e3o Sebasti\u00e3o do Meio. <span>De autoria do vereador </span><strong><b><a class=\"external-link\" href=\"https://sapl.santamariadejetiba.es.leg.br/parlamentar/36\" target=\"_blank\" title=\"\">Elmar Francisco Thom</a></b>.</strong></p>\r\n<p><strong><b><a class=\"external-link\" href=\"https://sapl.santamariadejetiba.es.leg.br/materia/3546\" target=\"_blank\" title=\"\">Indica\u00e7\u00e3o n\u00ba 66/2025</a></b></strong> - Indica a instala\u00e7\u00e3o de um espelho convexo na Ladeira Manoel Candeia, no Centro, em frente a Pommer Ginger, especificamente no cruzamento com a Rua Tante Florinda Arnholz, que d\u00e1 acesso a Creche Municipal Evelina Buss Stinguel. <span><span>De autoria do vereador <strong><a class=\"external-link\" href=\"https://sapl.santamariadejetiba.es.leg.br/parlamentar/14\" target=\"_blank\" title=\"\">Alvaro Roberto Gon\u00e7alves</a>.</strong></span></span></p>\r\n<p><strong><b><a class=\"external-link\" href=\"https://sapl.santamariadejetiba.es.leg.br/materia/3550\" target=\"_blank\" title=\"\">Indica\u00e7\u00e3o n\u00ba 68/2025</a></b></strong> - Indica a execu\u00e7\u00e3o de cal\u00e7amento de durabilidade na localidade de Rio Lamego, iniciando na residencia do falecido Emilinho Schmidt at\u00e9 na divisa na com Domingos Martins. <span>De autoria do vereador </span><a class=\"external-link\" href=\"https://sapl.santamariadejetiba.es.leg.br/parlamentar/33\" target=\"_blank\" title=\"\"><strong>Adair Lucht</strong></a>.</p>\r\n<p>\u00a0</p>\r\n<p><strong><b><span><b><b>PROJETOS LIDOS E VOTADOS:</b></b></span></b></strong></p>\r\n<p><a class=\"external-link\" href=\"https://sapl.santamariadejetiba.es.leg.br/materia/3551\" target=\"_blank\" title=\"\"><strong>Projeto de Lei n\u00ba 23/2025</strong></a> - Disp\u00f5e sobre a utiliza\u00e7\u00e3o dos gin\u00e1sios e quadras esportivas municipais.<span> De autoria do <strong>Executivo Municipal</strong>.</span></p>\r\n<p><strong><a class=\"external-link\" href=\"https://sapl.santamariadejetiba.es.leg.br/materia/3474\" target=\"_blank\" title=\"\">Indica\u00e7\u00e3o n\u00ba 33/2025</a></strong> - Indica a pavimenta\u00e7\u00e3o de durabilidade na localidade de C\u00f3rrego Sim\u00e3o, iniciando na bifurca\u00e7\u00e3o antes da entrada para a IECLB de C\u00f3rrego Sim\u00e3o (20\u00ba07'17.9'S 40\u00ba54'35.8\"W), at\u00e9 ap\u00f3s a resid\u00eancia do Sr. Jocimar Heinholz (20\u00ba06'01.5\"S 40\u00ba53'54.6\"W), com aproximadamente 2.750 metros de extens\u00e3o. De autoria da vereadora<b><b> </b></b><span><strong><a class=\"external-link\" href=\"https://sapl.santamariadejetiba.es.leg.br/parlamentar/61\" target=\"_blank\" title=\"\">Eliza Ramlow Soares</a></strong>.</span></p>\r\n<p><strong><a class=\"external-link\" href=\"https://sapl.santamariadejetiba.es.leg.br/materia/3480\" target=\"_blank\" title=\"\">Indica\u00e7\u00e3o n\u00ba 36/2025</a></strong> - Indica uma nova pavimenta\u00e7\u00e3o na Rua Alfredo Kuster, no bairro S\u00e3o Lu\u00eds. De autoria do vereador<b> <a class=\"external-link\" href=\"https://sapl.santamariadejetiba.es.leg.br/parlamentar/45\" target=\"_blank\" title=\"\">Nelson Miertschink</a></b>.</p>\r\n<p><strong><a class=\"external-link\" href=\"https://sapl.santamariadejetiba.es.leg.br/materia/3503\" target=\"_blank\" title=\"\">Indica\u00e7\u00e3o n\u00ba 49/2025</a></strong> - Indica a contrata\u00e7\u00e3o de vigilantes para as escolas municipais. De autoria da vereadora<b><b> <a class=\"external-link\" href=\"https://sapl.santamariadejetiba.es.leg.br/parlamentar/58\" target=\"_blank\" title=\"\">Ana Paula Alves de Azevedo</a></b></b>.</p>\r\n<p><strong><a class=\"external-link\" href=\"https://sapl.santamariadejetiba.es.leg.br/materia/3525\" target=\"_blank\" title=\"\">Indica\u00e7\u00e3o n\u00ba 59/2025</a></strong> - Indica a execu\u00e7\u00e3o de pavimenta\u00e7\u00e3o por cal\u00e7amento, asfaltamento ou outro revestimento de durabilidade, Alto S\u00e3o Sebasti\u00e3o, iniciando pr\u00f3ximo a Catarina Brandemburg subindo o morro e finalizando pr\u00f3ximo a casa do Eitel Knaak, numa extens\u00e3o de aproximadamente 500 metros. De autoria do vereador<b> <a class=\"external-link\" href=\"https://sapl.santamariadejetiba.es.leg.br/parlamentar/60\" target=\"_blank\" title=\"\">Clovis Lucht</a></b>.</p>\r\n<p><strong><a class=\"external-link\" href=\"https://sapl.santamariadejetiba.es.leg.br/materia/3540\" target=\"_blank\" title=\"\">Indica\u00e7\u00e3o n\u00ba 64/2025</a></strong> - Indica a execu\u00e7\u00e3o de pavimenta\u00e7\u00e3o, rede de esgoto e ilumina\u00e7\u00e3o p\u00fablica na Rua Dalila Berger Brandt, em S\u00e3o Sebasti\u00e3o de Bel\u00e9m. <span>De autoria do vereador </span><b><a class=\"external-link\" href=\"https://sapl.santamariadejetiba.es.leg.br/parlamentar/36\" target=\"_blank\" title=\"\">Elmar Francisco Thom</a></b>.</p>\r\n<p>\u00a0</p>\r\n<p>\u00a0<a class=\"external-link\" href=\"https://sapl.santamariadejetiba.es.leg.br/sessao/pauta-sessao/390/\" target=\"_blank\" title=\"\"><img src=\"https://www.santamariadejetiba.es.leg.br/imagens/sapl.png/@@images/c30de5c4-cb5b-46b8-b7de-bc5c67593572.png\" alt=\"sapl\" class=\"image-inline\" title=\"sapl\" /></a></p>\r\n<h3 class=\" \"><a class=\"external-link\" href=\"https://sapl.santamariadejetiba.es.leg.br/sessao/pauta-sessao/390/\" target=\"_blank\" title=\"\">Sistema de Apoio ao Processo Legislativo </a></h3>\r\n<p>\u00a0</p>\r\n<p>\u00a0<b>TRANSMISS\u00c3O AO VIVO:</b></p>\r\n<p>Acompanhe as sess\u00f5es semanais no canal da C\u00e2mara Municipal no <b><a href=\"https://www.youtube.com/@tvcamarasmj/streams\" target=\"_blank\" title=\"TV C\u00c2MARA\">YouTube</a></b>. Tamb\u00e9m ao vivo atrav\u00e9s da <b>R\u00e1dio Pomerana FM</b> na frequ\u00eancia de 98,5Mhz.</p>\r\n<p>\u00a0</p>\r\n<h2>Inscreva-se no <a href=\"https://www.youtube.com/@tvcamarasmj\" target=\"_blank\">canal da CMSMJ no YouTube</a></h2>\r\n<h3><strong>Assista \u00e0 sess\u00e3o no\u00a0canal da CMSMJ no YouTube</strong></h3>\r\n<p><b><a class=\"external-link\" href=\"https://youtu.be/wGV---dkPUo\" target=\"_blank\" title=\"SESS\u00c3O ORDIN\u00c1RIA N\u00ba 12/2025\"><iframe src=\"https://www.youtube.com/embed/wGV---dkPUo\" width=\"760\" height=\"427\" allowfullscreen=\"\" frameborder=\"0\"></iframe></a></b></p>\r\n<p><span><br /></span></p>", "author_name": "", "version": "1.0", "author_url": "https://www.santamariadejetiba.es.leg.br/author/comunicacao", "provider_name": "C\u00e2mara de Santa Maria de Jetib\u00e1", "type": "rich"}