{"provider_url": "https://www.santamariadejetiba.es.leg.br", "title": "Projeto que reorganiza cargos e fun\u00e7\u00f5es na C\u00e2mara \u00e9 aprovado", "html": "<p><b><b>PROJETOS LIDOS</b>:</b></p>\r\n<p><strong><a class=\"external-link\" href=\"https://sapl.santamariadejetiba.es.leg.br/materia/3534\" target=\"_blank\" title=\"\">Projeto de Lei n\u00ba 20/2025</a></strong> - Altera o artigo 1\u00ba da lei municipal n\u00ba 2632 de 30 de novembro de 2022 e d\u00e1 outras provid\u00eancias. De autoria do <strong>Executivo Municipal</strong>.</p>\r\n<p><a class=\"external-link\" href=\"https://sapl.santamariadejetiba.es.leg.br/materia/3535\" target=\"_blank\" title=\"\"><strong>Projeto de Lei n\u00ba 21/2025</strong></a> - Cria a comiss\u00e3o de avalia\u00e7\u00e3o de est\u00e1gio probat\u00f3rio (CAEP) e d\u00e1 outras provid\u00eancias. De autoria do <strong>Executivo Municipal</strong>.</p>\r\n<p><strong><a class=\"external-link\" href=\"https://sapl.santamariadejetiba.es.leg.br/materia/3483\" target=\"_blank\" title=\"\">Projeto de Decreto Legislativo n\u00ba 1/2025</a></strong> - Concede \"Pr\u00eamio Frederico Grulke\" ao Senhor Arno Potratz, por indica\u00e7\u00e3o da Secretaria de Cultura e Turismo. De autoria de todos os <a class=\"external-link\" href=\"https://sapl.santamariadejetiba.es.leg.br/parlamentar/\" target=\"_blank\" title=\"\"><strong>vereadores</strong></a>.</p>\r\n<p><strong><a class=\"external-link\" href=\"https://sapl.santamariadejetiba.es.leg.br/materia/3457\" target=\"_blank\" title=\"\">Indica\u00e7\u00e3o n\u00ba 20/2025</a></strong> - Indica a implementa\u00e7\u00e3o de um sistema de transporte escolar municipal que funcione fora da normativa atual, de forma semelhante ao que j\u00e1 \u00e9 oferecido para o transporte universit\u00e1rio. De autoria do vereador<b> <a class=\"external-link\" href=\"https://sapl.santamariadejetiba.es.leg.br/parlamentar/45\" target=\"_blank\" title=\"\">Nelson Miertschink</a></b>.</p>\r\n<p><strong><a class=\"external-link\" href=\"https://sapl.santamariadejetiba.es.leg.br/materia/3489\" target=\"_blank\" title=\"\">Indica\u00e7\u00e3o n\u00ba 42/2025</a></strong> - Indica a pavimenta\u00e7\u00e3o, por cal\u00e7amento, asfaltamento ou outro revestimento de durabilidade em Alto S\u00e3o Sebasti\u00e3o, iniciando pr\u00f3ximo a casa do Everaldo Storch, com extens\u00e3o de aproximadamente 700 metros. De autoria do vereador<b> <a class=\"external-link\" href=\"https://sapl.santamariadejetiba.es.leg.br/parlamentar/60\" target=\"_blank\" title=\"\">Clovis Lucht</a></b>.</p>\r\n<p><strong><a class=\"external-link\" href=\"https://sapl.santamariadejetiba.es.leg.br/materia/3499\" target=\"_blank\" title=\"\">Indica\u00e7\u00e3o n\u00ba 45/2025</a></strong> - Indica a constru\u00e7\u00e3o de um cal\u00e7ad\u00e3o entre o Centro e a Vila dos Italianos, no trecho que conecta as duas localidades. De autoria da vereadora<b><b> <a class=\"external-link\" href=\"https://sapl.santamariadejetiba.es.leg.br/parlamentar/58\" target=\"_blank\" title=\"\">Ana Paula Alves de Azevedo</a></b></b>.</p>\r\n<p><strong><a class=\"external-link\" href=\"https://sapl.santamariadejetiba.es.leg.br/materia/3507\" target=\"_blank\" title=\"\">Indica\u00e7\u00e3o n\u00ba 51/2025</a></strong> - Indica a execu\u00e7\u00e3o de cal\u00e7amento na Rua Am\u00e1lia Boldt, S\u00e3o Luis. (A presente indica\u00e7\u00e3o visa solicitar a constru\u00e7\u00e3o de cal\u00e7amento, instala\u00e7\u00e3o de canaletas transversais e implementa\u00e7\u00e3o de ilumina\u00e7\u00e3o eficiente). <span>De autoria do vereador </span><b><b><b><a class=\"external-link\" href=\"https://sapl.santamariadejetiba.es.leg.br/parlamentar/48\" target=\"_blank\" title=\"\">Siguimar Schvanz</a></b></b></b>.</p>\r\n<p><strong><a class=\"external-link\" href=\"https://sapl.santamariadejetiba.es.leg.br/materia/3516\" target=\"_blank\" title=\"\">Indica\u00e7\u00e3o n\u00ba 54/2025</a></strong> - Indica a pavimenta\u00e7\u00e3o de durabilidade ou cal\u00e7amento, a cria\u00e7\u00e3o de uma ciclovia, a constru\u00e7\u00e3o de cal\u00e7adas acess\u00edveis e a instala\u00e7\u00e3o de ilumina\u00e7\u00e3o p\u00fablica na estrada que liga Alto Recreio ao Horto Municipal, com in\u00edcio no trevo da Rua Henrique Jo\u00e3o J\u00falio Kuster. De autoria dos vereadores<b><b>\u00a0</b></b><span><strong><a class=\"external-link\" href=\"https://sapl.santamariadejetiba.es.leg.br/parlamentar/61\" target=\"_blank\" title=\"\">Eliza Ramlow Soares</a></strong> e <b><span></span></b></span><b><b> <a class=\"external-link\" href=\"https://sapl.santamariadejetiba.es.leg.br/parlamentar/33\" target=\"_blank\" title=\"\">Adair Lucht</a></b></b>.</p>\r\n<p><strong><a class=\"external-link\" href=\"https://sapl.santamariadejetiba.es.leg.br/materia/3530\" target=\"_blank\" title=\"\">Indica\u00e7\u00e3o n\u00ba 62/2025</a> </strong>- Indica a instala\u00e7\u00e3o de novas placas de identifica\u00e7\u00e3o de ruas nomeadas no munic\u00edpio e instala\u00e7\u00e3o de placas de identifica\u00e7\u00e3o de divisas do munic\u00edpio em \u00e1reas rurais. De autoria dos vereadores<b><strong> </strong><b><b><a class=\"external-link\" href=\"https://sapl.santamariadejetiba.es.leg.br/parlamentar/51\" target=\"_blank\" title=\"\"><strong>Ilimar Vesper</strong></a></b></b></b> e <b><a class=\"external-link\" href=\"https://sapl.santamariadejetiba.es.leg.br/parlamentar/36\" target=\"_blank\" title=\"\">Elmar Francisco Thom</a></b>.<span><strong></strong></span></p>\r\n<p>\u00a0</p>\r\n<p><strong>OF\u00cdCIOS:</strong></p>\r\n<p><strong>Of\u00edcio n\u00ba 82/2025</strong> da Secret\u00e1ria de Educa\u00e7\u00e3o Marcileide Sthur, que solicita indica\u00e7\u00e3o de dois representantes para compor o F\u00f3rum Municipal Permanente de Educa\u00e7\u00e3o per\u00edodo 2025-2028, sendo um titular e um suplente.</p>\r\n<p>\u00a0</p>\r\n<p><b><b>PROJETOS LIDOS E VOTADOS:</b></b></p>\r\n<p><a class=\"external-link\" href=\"https://sapl.santamariadejetiba.es.leg.br/materia/3484\" target=\"_blank\" title=\"\"><strong>Projeto de Lei n\u00ba 8/2025</strong> </a>- Denomina a Rua Ricardo Stein, com in\u00edcio na Rua Gustavo Jastrow, coordenadas 20343.14S - 404759.29O, e t\u00e9rmino na propriedade do Sr. Evailson Stein, coordenadas 20342.49S - 40486.32O, na localidade de Barra de Rio Possmoser, com extens\u00e3o de aproximadamente 211 metros. De autoria do vereador <b><a class=\"external-link\" href=\"https://sapl.santamariadejetiba.es.leg.br/parlamentar/54\" target=\"_blank\" title=\"\">Luciano Alves da Silva</a></b>. <b><b><b><b><b><b><i>APROVADO POR</i></b></b></b></b></b></b><strong><i> UNANIMIDADE</i></strong><i>.</i></p>\r\n<p><strong><a class=\"external-link\" href=\"https://sapl.santamariadejetiba.es.leg.br/materia/3511\" target=\"_blank\" title=\"\">Projeto de Lei Complementar n\u00ba 12/2025</a></strong> - Consolida a estrutura Administrativa da C\u00e2mara Municipal de Santa Maria de Jetib\u00e1. De autoria da<b> <a class=\"external-link\" href=\"https://sapl.santamariadejetiba.es.leg.br/mesa-diretora/\" target=\"_blank\" title=\"\">Mesa diretora</a></b>. <b><b><b><b><b><b><i>APROVADO</i></b></b></b></b></b></b><i> </i><i><strong>COM NOVE VOTOS</strong>.</i></p>\r\n<p><strong><a class=\"external-link\" href=\"https://sapl.santamariadejetiba.es.leg.br/materia/3519\" target=\"_blank\" title=\"\">Projeto de Lei n\u00b0 13/2025</a></strong> - Denomina a Rua Alberto Brandt, com in\u00edcio na Rua Dalila Berger Brandt (coordenadas 321875.18 m E - 7781980.28 m S) e t\u00e9rmino na propriedade do Senhor Joelmo Velz (coordenadas 321881.65 m E - 7781825.11 m S), em S\u00e3o Sebasti\u00e3o de Bel\u00e9m. De autoria do vereador<b> <a class=\"external-link\" href=\"https://sapl.santamariadejetiba.es.leg.br/parlamentar/36\" target=\"_blank\" title=\"\">Elmar Francisco Thom</a></b>. <b><b><b><b><b><b><i>APROVADO POR</i></b></b></b></b></b></b><strong><i> UNANIMIDADE</i></strong><i>.</i></p>\r\n<p><strong><a class=\"external-link\" href=\"https://sapl.santamariadejetiba.es.leg.br/materia/3437\" target=\"_blank\" title=\"\">Indica\u00e7\u00e3o n\u00ba 9/2025</a></strong> que indica a pavimenta\u00e7\u00e3o de durabilidade na localidade de Rio Claro, nos dois morros virando para Rio Triunfo, iniciando pr\u00f3ximo \u00e0 resid\u00eancia do falecido Sr. Carlos Schmidt e finalizando pr\u00f3ximo da resid\u00eancia do Sr. Sergio Rogge. De autoria do vereador<b><b> <a class=\"external-link\" href=\"https://sapl.santamariadejetiba.es.leg.br/parlamentar/33\" target=\"_blank\" title=\"\">Adair Lucht</a></b></b>. <b><b><b><b><b><b><i>APROVADO POR</i></b></b></b></b></b></b><strong><i> UNANIMIDADE</i></strong><i>.</i></p>\r\n<p><strong><a class=\"external-link\" href=\"https://sapl.santamariadejetiba.es.leg.br/materia/3466\" target=\"_blank\" title=\"\">Indica\u00e7\u00e3o n\u00ba 25/2025</a></strong> - Indica o nivelamento da Rua Gerlinda Kuster. De autoria do vereador<b> <a class=\"external-link\" href=\"https://sapl.santamariadejetiba.es.leg.br/parlamentar/45\" target=\"_blank\" title=\"\">Nelson Miertschink</a></b>. <b><b><b><b><b><b><i>APROVADO POR</i></b></b></b></b></b></b><strong><i> UNANIMIDADE</i></strong><i>.</i></p>\r\n<p><strong><a class=\"external-link\" href=\"https://sapl.santamariadejetiba.es.leg.br/materia/3472\" target=\"_blank\" title=\"\">Indica\u00e7\u00e3o n\u00ba 31/2025</a></strong> - Indica a pavimenta\u00e7\u00e3o de durabilidade na localidade de C\u00f3rrego Sim\u00e3o, iniciando na primeira direita subindo ap\u00f3s a IECLB de C\u00f3rrego Sim\u00e3o (20\u00ba06'49.2\"S 40\u00ba54'18.0\"W), at\u00e9 ap\u00f3s a resid\u00eancia do Sr. Adelar Jastrow (20\u00ba07'09.2\"S 40\u00ba53'54.9\"W), com aproximadamente 1.000 metros de extens\u00e3o. De autoria da vereadora <strong><a class=\"external-link\" href=\"https://sapl.santamariadejetiba.es.leg.br/parlamentar/61\" target=\"_blank\" title=\"\">Eliza Ramlow Soares</a></strong>.<strong> <b><b><b><b><b><b><i>APROVADO POR</i></b></b></b></b></b></b><strong><i> UNANIMIDADE</i></strong><i>.</i></strong></p>\r\n<p><strong><span><a class=\"external-link\" href=\"https://sapl.santamariadejetiba.es.leg.br/materia/3488\" target=\"_blank\" title=\"\">Indica\u00e7\u00e3o n\u00ba 41/2025</a></span></strong> - Indica a pavimenta\u00e7\u00e3o, por cal\u00e7amento, asfaltamento ou outro revestimento de durabilidade em Alto S\u00e3o Sebasti\u00e3o, iniciando pr\u00f3ximo a casa do Tarci Akcer e Terezinha Hartvig Akcer, com extens\u00e3o de aproximadamente 385 metros. De autoria do vereador<b> <a class=\"external-link\" href=\"https://sapl.santamariadejetiba.es.leg.br/parlamentar/60\" target=\"_blank\" title=\"\">Clovis Lucht</a></b>. <b><b><b><b><b><b><i>APROVADO POR</i></b></b></b></b></b></b><strong><i> UNANIMIDADE</i></strong><i>.</i></p>\r\n<p><strong><a class=\"external-link\" href=\"https://sapl.santamariadejetiba.es.leg.br/materia/3495\" target=\"_blank\" title=\"\">Indica\u00e7\u00e3o n\u00b0 44/2025</a></strong> - Indica a constru\u00e7\u00e3o de um novo acesso com muro e port\u00e3o para a Quadra de Esportes da comunidade da Vila Jetib\u00e1. De autoria dos vereadores<b><b> <a class=\"external-link\" href=\"https://sapl.santamariadejetiba.es.leg.br/parlamentar/58\" target=\"_blank\" title=\"\">Ana Paula Alves de Azevedo</a></b></b><span> e <b><span></span></b></span><b><b><b><a class=\"external-link\" href=\"https://sapl.santamariadejetiba.es.leg.br/parlamentar/48\" target=\"_blank\" title=\"\">Siguimar Schvanz</a></b></b></b>. <b><b><b><b><b><b><i>APROVADO POR</i></b></b></b></b></b></b><strong><i> UNANIMIDADE</i></strong><i>.</i></p>\r\n<p><a class=\"external-link\" href=\"https://sapl.santamariadejetiba.es.leg.br/materia/3515\" target=\"_blank\" title=\"\"><strong>Indica\u00e7\u00e3o n\u00ba 53/2025</strong> </a>- Indica a amplia\u00e7\u00e3o do hor\u00e1rio de funcionamento da Policl\u00ednica Dr. Jos\u00e9 Carlos Herbest (AMA). De autoria do vereador<b> <a class=\"external-link\" href=\"https://sapl.santamariadejetiba.es.leg.br/parlamentar/51\" target=\"_blank\" title=\"\"><strong>Ilimar Vesper</strong></a></b>. <b><b><b><b><b><b><i>APROVADO POR</i></b></b></b></b></b></b><strong><i> UNANIMIDADE</i></strong><i>.</i></p>\r\n<p><a class=\"external-link\" href=\"https://sapl.santamariadejetiba.es.leg.br/materia/3517\" target=\"_blank\" title=\"\"><strong>Indica\u00e7\u00e3o n\u00ba 55/2025</strong> </a>- Indica instala\u00e7\u00e3o de Ilumina\u00e7\u00e3o P\u00fablica na estrada Paulo Kuster, com in\u00edcio na estrada Nicolau Schiffler e t\u00e9rmino na resid\u00eancia do Maciano Erdmann, em Santa Luzia. De autoria do vereador<b> <a class=\"external-link\" href=\"https://sapl.santamariadejetiba.es.leg.br/parlamentar/36\" target=\"_blank\" title=\"\">Elmar Francisco Thom</a></b>. <b><b><b><b><b><b><i>APROVADO POR</i></b></b></b></b></b></b><strong><i> UNANIMIDADE</i></strong><i>.</i></p>\r\n<p><strong><a class=\"external-link\" href=\"https://sapl.santamariadejetiba.es.leg.br/materia/3492\" target=\"_blank\" title=\"\">Mo\u00e7\u00e3o de Congratula\u00e7\u00e3o n\u00ba 2/2025</a></strong> - Congratula a Organiza\u00e7\u00e3o das Cooperativas Brasileiras do Esp\u00edrito Santo - OCB/ES. De autoria do vereador <b><a class=\"external-link\" href=\"https://sapl.santamariadejetiba.es.leg.br/parlamentar/54\" target=\"_blank\" title=\"\">Luciano Alves da Silva</a></b>. <b><b><b><b><b><b><i>APROVADO POR</i></b></b></b></b></b></b><strong><i> UNANIMIDADE</i></strong><i>.</i></p>\r\n<p><a class=\"external-link\" href=\"https://sapl.santamariadejetiba.es.leg.br/materia/3494\" target=\"_blank\" title=\"\"><strong>Mo\u00e7\u00e3o de Congratula\u00e7\u00e3o n\u00ba 3/2025</strong></a> - Congratula o Sr. Bruno Augusto Vieira Pagel. De autoria do vereador <b><a class=\"external-link\" href=\"https://sapl.santamariadejetiba.es.leg.br/parlamentar/54\" target=\"_blank\" title=\"\">Luciano Alves da Silva</a></b>. <b><b><b><b><b><b><i>APROVADO POR</i></b></b></b></b></b></b><strong><i> UNANIMIDADE</i></strong><i>.</i></p>\r\n<p><b><b><b><b><b><b><i><br /></i></b></b></b></b></b></b></p>\r\n<p><a class=\"external-link\" href=\"https://sapl.santamariadejetiba.es.leg.br/sessao/pauta-sessao/387/\" target=\"_blank\" title=\"\"><img src=\"https://www.santamariadejetiba.es.leg.br/imagens/sapl.png/@@images/c30de5c4-cb5b-46b8-b7de-bc5c67593572.png\" alt=\"sapl\" class=\"image-inline\" title=\"sapl\" /></a></p>\r\n<h3 class=\" \"><a class=\"external-link\" href=\"https://sapl.santamariadejetiba.es.leg.br/sessao/pauta-sessao/387/\" target=\"_blank\" title=\"\">Sistema de Apoio ao Processo Legislativo </a></h3>\r\n<p>\u00a0</p>\r\n<p>\u00a0<b>TRANSMISS\u00c3O AO VIVO:</b></p>\r\n<p>Acompanhe as sess\u00f5es semanais no canal da C\u00e2mara Municipal no <b><a href=\"https://www.youtube.com/@tvcamarasmj/streams\" target=\"_blank\" title=\"TV C\u00c2MARA\">YouTube</a></b>. Tamb\u00e9m ao vivo atrav\u00e9s da <b>R\u00e1dio Pomerana FM</b> na frequ\u00eancia de 98,5Mhz.</p>\r\n<p>\u00a0</p>\r\n<h2>Inscreva-se no <a href=\"https://www.youtube.com/@tvcamarasmj\" target=\"_blank\">canal da CMSMJ no YouTube</a></h2>\r\n<h3><strong>Assista \u00e0 sess\u00e3o no\u00a0canal da CMSMJ no YouTube</strong></h3>\r\n<p><b><a class=\"external-link\" href=\"https://youtu.be/UaWjB5vdPpI\" target=\"_blank\" title=\"SESS\u00c3O ORDIN\u00c1RIA N\u00ba 9/2025\"><iframe src=\"https://www.youtube.com/embed/UaWjB5vdPpI\" width=\"760\" height=\"427\" allowfullscreen=\"\" frameborder=\"0\"></iframe></a></b></p>\r\n<p><b><b><br /><br /></b></b></p>", "author_name": "", "version": "1.0", "author_url": "https://www.santamariadejetiba.es.leg.br/author/comunicacao", "provider_name": "C\u00e2mara de Santa Maria de Jetib\u00e1", "type": "rich"}